{"id":1829,"date":"2021-05-11T15:05:32","date_gmt":"2021-05-11T18:05:32","guid":{"rendered":"http:\/\/chosentecnologia.com.br\/chosen\/?p=1829"},"modified":"2021-05-11T17:29:09","modified_gmt":"2021-05-11T20:29:09","slug":"elementor-1829","status":"publish","type":"post","link":"http:\/\/chosentecnologia.com.br\/chosen\/index.php\/2021\/05\/11\/elementor-1829\/","title":{"rendered":"LGPD &#8211; 2021"},"content":{"rendered":"\t\t<div data-elementor-type=\"wp-post\" data-elementor-id=\"1829\" class=\"elementor elementor-1829\" data-elementor-settings=\"[]\">\n\t\t\t\t\t\t\t<div class=\"elementor-section-wrap\">\n\t\t\t\t\t\t\t<section class=\"elementor-section elementor-top-section elementor-element elementor-element-69a20f80 elementor-section-stretched elementor-section-boxed elementor-section-height-default elementor-section-height-default\" data-id=\"69a20f80\" data-element_type=\"section\" data-settings=\"{&quot;stretch_section&quot;:&quot;section-stretched&quot;,&quot;background_background&quot;:&quot;classic&quot;}\">\n\t\t\t\t\t\t<div class=\"elementor-container elementor-column-gap-default\">\n\t\t\t\t\t<div class=\"elementor-column elementor-col-33 elementor-top-column elementor-element elementor-element-5bc4a5ce\" data-id=\"5bc4a5ce\" data-element_type=\"column\">\n\t\t\t<div class=\"elementor-widget-wrap elementor-element-populated\">\n\t\t\t\t\t\t\t\t<div class=\"elementor-element elementor-element-516b20cc elementor-blockquote--button-color-custom elementor-blockquote--skin-border elementor-widget elementor-widget-blockquote\" data-id=\"516b20cc\" data-element_type=\"widget\" data-widget_type=\"blockquote.default\">\n\t\t\t\t<div class=\"elementor-widget-container\">\n\t\t\t\t\t<blockquote class=\"elementor-blockquote\">\n\t\t\t<p class=\"elementor-blockquote__content\">\n\t\t\t\tPublicada em agosto de 2018, a LGPD vem aprimorar a prote\u00e7\u00e3o de dados pessoais aos cidad\u00e3os do Brasil. Entender melhor, e desde j\u00e1, a nova legisla\u00e7\u00e3o, que entrou em vigor em setembro de 2020, \u00e9 importante para ajudar o pa\u00eds na miss\u00e3o coletiva de assegurar a privacidade: a qual \u00e9 um direito fundamental do indiv\u00edduo e, portanto, deve ser salvaguardada com o m\u00e1ximo de cuidado, efici\u00eancia e qualidade. Sendo assim, que tal conhecer palavras e termos-chave relacionadas \u00e0 Lei Geral de Prote\u00e7\u00e3o de Dados Pessoais e o significado de cada um deles? Confira o gloss\u00e1rio da LGPD abaixo. \t\t\t<\/p>\n\t\t\t\t\t\t\t<footer>\n\t\t\t\t\t\t\t\t\t\t\t<cite class=\"elementor-blockquote__author\">Serpro<\/cite>\n\t\t\t\t\t\t\t\t\t\t\t\t\t\t<\/footer>\n\t\t\t\t\t<\/blockquote>\n\t\t\t\t<\/div>\n\t\t\t\t<\/div>\n\t\t\t\t<div class=\"elementor-element elementor-element-12d6b2b7 elementor-invisible elementor-widget elementor-widget-image\" data-id=\"12d6b2b7\" data-element_type=\"widget\" data-settings=\"{&quot;_animation&quot;:&quot;fadeInLeft&quot;}\" data-widget_type=\"image.default\">\n\t\t\t\t<div class=\"elementor-widget-container\">\n\t\t\t\t\t<div class=\"elementor-image\">\n\t\t\t\t\t\t\t\t\t\t<img loading=\"lazy\" decoding=\"async\" width=\"285\" height=\"160\" src=\"http:\/\/chosentecnologia.com.br\/chosen\/wp-content\/uploads\/2021\/05\/p4.jpg\" class=\"attachment-large size-large\" alt=\"\" \/>\t\t\t\t\t\t\t\t\t\t\t<\/div>\n\t\t\t\t<\/div>\n\t\t\t\t<\/div>\n\t\t\t\t<div class=\"elementor-element elementor-element-60fc92c3 elementor-widget elementor-widget-text-editor\" data-id=\"60fc92c3\" data-element_type=\"widget\" data-widget_type=\"text-editor.default\">\n\t\t\t\t<div class=\"elementor-widget-container\">\n\t\t\t\t\t<div class=\"elementor-text-editor elementor-clearfix\"><table class=\"listing\"><tbody><tr class=\"even\"><td colspan=\"2\"><img loading=\"lazy\" decoding=\"async\" class=\"image-inline\" title=\"Check1\" src=\"https:\/\/www.serpro.gov.br\/lgpd\/menu\/arquivos\/check1\" alt=\"Check1\" width=\"17\" height=\"17\" \/>\u00a0A<strong>gentes de tratamento:<\/strong>\u00a0o controlador e o operador<\/td><\/tr><tr class=\"odd\"><td colspan=\"2\"><img loading=\"lazy\" decoding=\"async\" class=\"image-inline\" title=\"Check cor 3\" src=\"https:\/\/www.serpro.gov.br\/lgpd\/menu\/arquivos\/check-cor-3\" alt=\"Check cor 3\" width=\"17\" height=\"17\" \/>\u00a0A<strong>nonimiza\u00e7\u00e3o<\/strong>: utiliza\u00e7\u00e3o de meios t\u00e9cnicos razo\u00e1veis e dispon\u00edveis no momento do tratamento, por meio dos quais um dado perde a possibilidade de associa\u00e7\u00e3o, direta ou indireta, a um indiv\u00edduo<\/td><\/tr><tr class=\"even\"><td colspan=\"2\"><img loading=\"lazy\" decoding=\"async\" class=\"image-inline\" title=\"Check cor 2\" src=\"https:\/\/www.serpro.gov.br\/lgpd\/menu\/arquivos\/check-cor-2\" alt=\"Check cor 2\" width=\"17\" height=\"17\" \/>\u00a0<strong>Autoridade nacional:<\/strong>\u00a0\u00f3rg\u00e3o da administra\u00e7\u00e3o p\u00fablica respons\u00e1vel por zelar, implementar e fiscalizar o cumprimento desta Lei em todo o territ\u00f3rio nacional<\/td><\/tr><tr class=\"odd\"><td colspan=\"2\"><img loading=\"lazy\" decoding=\"async\" class=\"image-inline\" title=\"Check1\" src=\"https:\/\/www.serpro.gov.br\/lgpd\/menu\/arquivos\/check1\" alt=\"Check1\" width=\"17\" height=\"17\" \/>\u00a0<strong>Banco de dados:<\/strong>\u00a0conjunto estruturado de dados pessoais, estabelecido em um ou em v\u00e1rios locais, em suporte eletr\u00f4nico ou f\u00edsico<\/td><\/tr><tr class=\"even\"><td colspan=\"2\"><img loading=\"lazy\" decoding=\"async\" class=\"image-inline\" title=\"Check cor 3\" src=\"https:\/\/www.serpro.gov.br\/lgpd\/menu\/arquivos\/check-cor-3\" alt=\"Check cor 3\" width=\"17\" height=\"17\" \/>\u00a0<strong>Bloqueio:<\/strong>\u00a0suspens\u00e3o tempor\u00e1ria de qualquer opera\u00e7\u00e3o de tratamento, mediante guarda do dado pessoal ou do banco de dados<\/td><\/tr><tr class=\"odd\"><td colspan=\"2\"><img loading=\"lazy\" decoding=\"async\" class=\"image-inline\" title=\"Check cor 2\" src=\"https:\/\/www.serpro.gov.br\/lgpd\/menu\/arquivos\/check-cor-2\" alt=\"Check cor 2\" width=\"17\" height=\"17\" \/>\u00a0<strong>Consentimento:<\/strong>\u00a0manifesta\u00e7\u00e3o livre, informada e inequ\u00edvoca pela qual o titular concorda com o tratamento de seus dados pessoais para uma finalidade determinada<\/td><\/tr><tr class=\"even\"><td colspan=\"2\"><img loading=\"lazy\" decoding=\"async\" class=\"image-inline\" title=\"Check1\" src=\"https:\/\/www.serpro.gov.br\/lgpd\/menu\/arquivos\/check1\" alt=\"Check1\" width=\"17\" height=\"17\" \/><strong>\u00a0Controlador:\u00a0<\/strong>pessoa natural ou jur\u00eddica, de direito p\u00fablico ou privado, a quem competem as decis\u00f5es referentes ao tratamento de dados pessoais<\/td><\/tr><tr class=\"odd\"><td colspan=\"2\"><img loading=\"lazy\" decoding=\"async\" class=\"image-inline\" title=\"Check cor 3\" src=\"https:\/\/www.serpro.gov.br\/lgpd\/menu\/arquivos\/check-cor-3\" alt=\"Check cor 3\" width=\"17\" height=\"17\" \/>\u00a0<strong>Dado anonimizado:<\/strong>\u00a0dado relativo a titular que n\u00e3o possa ser identificado, considerando a utiliza\u00e7\u00e3o de meios t\u00e9cnicos razo\u00e1veis e dispon\u00edveis na ocasi\u00e3o de seu tratamento<\/td><\/tr><tr class=\"even\"><td colspan=\"2\"><img loading=\"lazy\" decoding=\"async\" class=\"image-inline\" title=\"Check cor 2\" src=\"https:\/\/www.serpro.gov.br\/lgpd\/menu\/arquivos\/check-cor-2\" alt=\"Check cor 2\" width=\"17\" height=\"17\" \/><strong>\u00a0Dado pessoal:<\/strong>\u00a0informa\u00e7\u00e3o relacionada \u00e0 pessoa natural identificada ou identific\u00e1vel<\/td><\/tr><tr class=\"odd\"><td colspan=\"2\"><strong><img loading=\"lazy\" decoding=\"async\" class=\"image-inline\" title=\"Check cor 3\" src=\"https:\/\/www.serpro.gov.br\/lgpd\/menu\/arquivos\/check-cor-3\" alt=\"Check cor 3\" width=\"17\" height=\"17\" \/>\u00a0Dado pessoal de crian\u00e7a e de adolescente:\u00a0<\/strong>o\u00a0<a class=\"external-link\" title=\"\" href=\"http:\/\/www.planalto.gov.br\/ccivil_03\/leis\/l8069.htm\" target=\"_blank\" rel=\"noopener\">Estatuto da Crian\u00e7a e do Adolescente (ECA)<\/a>\u00a0considera crian\u00e7a a pessoa at\u00e9 12 anos de idade incompletos e adolescente aquela entre 12 e 18 anos de idade. Em especial, a LGPD determina que as informa\u00e7\u00f5es sobre o tratamento de dados pessoais de crian\u00e7as e de adolescentes dever\u00e3o ser fornecidas de maneira simples, clara e acess\u00edvel de forma a proporcionar a informa\u00e7\u00e3o necess\u00e1ria aos pais ou ao respons\u00e1vel legal e adequada ao entendimento da crian\u00e7a<\/td><\/tr><tr class=\"even\"><td colspan=\"2\"><img loading=\"lazy\" decoding=\"async\" class=\"image-inline\" title=\"Check1\" src=\"https:\/\/www.serpro.gov.br\/lgpd\/menu\/arquivos\/check1\" alt=\"Check1\" width=\"17\" height=\"17\" \/>\u00a0<strong>Dado pessoal sens\u00edvel:<\/strong>\u00a0dado pessoal sobre origem racial ou \u00e9tnica, convic\u00e7\u00e3o religiosa, opini\u00e3o pol\u00edtica, filia\u00e7\u00e3o a sindicato ou\u00a0\u00e0 organiza\u00e7\u00e3o de car\u00e1ter religioso, filos\u00f3fico ou pol\u00edtico, dado referente \u00e0 sa\u00fade ou \u00e0 vida sexual, dado gen\u00e9tico ou biom\u00e9trico, quando vinculado a uma pessoa natural<\/td><\/tr><tr class=\"odd\"><td colspan=\"2\"><img loading=\"lazy\" decoding=\"async\" class=\"image-inline\" title=\"Check cor 3\" src=\"https:\/\/www.serpro.gov.br\/lgpd\/menu\/arquivos\/check-cor-3\" alt=\"Check cor 3\" width=\"17\" height=\"17\" \/>\u00a0<strong>Elimina\u00e7\u00e3o:<\/strong>\u00a0exclus\u00e3o de dado ou de conjunto de dados armazenados em banco de dados, independentemente do procedimento empregado<\/td><\/tr><tr class=\"even\"><td colspan=\"2\"><img loading=\"lazy\" decoding=\"async\" class=\"image-inline\" title=\"Check cor 2\" src=\"https:\/\/www.serpro.gov.br\/lgpd\/menu\/arquivos\/check-cor-2\" alt=\"Check cor 2\" width=\"17\" height=\"17\" \/>\u00a0<strong>Encarregado:<\/strong>\u00a0pessoa indicada pelo controlador e operador para atuar como canal de comunica\u00e7\u00e3o entre o controlador, os titulares dos dados e a Autoridade Nacional de Prote\u00e7\u00e3o de Dados (ANPD)<\/td><\/tr><tr class=\"odd\"><td colspan=\"2\"><img loading=\"lazy\" decoding=\"async\" class=\"image-inline\" title=\"Check1\" src=\"https:\/\/www.serpro.gov.br\/lgpd\/menu\/arquivos\/check1\" alt=\"Check1\" width=\"17\" height=\"17\" \/>\u00a0<strong>Garantia da seguran\u00e7a da informa\u00e7\u00e3o:<\/strong>\u00a0capacidade de sistemas e organiza\u00e7\u00f5es assegurarem a disponibilidade, a integridade, a confidencialidade e a autenticidade da informa\u00e7\u00e3o. A\u00a0<span class=\"external-link\"><a class=\"external-link\" title=\"\" href=\"http:\/\/www.planalto.gov.br\/CCIVIL_03\/_Ato2015-2018\/2018\/Decreto\/D9637.htm\" target=\"_blank\" rel=\"noopener\">Pol\u00edtica Nacional de Seguran\u00e7a da Informa\u00e7\u00e3o (PNSI)<\/a><\/span>\u00a0disp\u00f5e sobre a governan\u00e7a da seguran\u00e7a da informa\u00e7\u00e3o aos \u00f3rg\u00e3os e \u00e0s entidades da administra\u00e7\u00e3o p\u00fablica federal em seu \u00e2mbito de atua\u00e7\u00e3o<\/td><\/tr><tr class=\"even\"><td colspan=\"2\"><img loading=\"lazy\" decoding=\"async\" class=\"image-inline\" title=\"Check cor 3\" src=\"https:\/\/www.serpro.gov.br\/lgpd\/menu\/arquivos\/check-cor-3\" alt=\"Check cor 3\" width=\"17\" height=\"17\" \/>\u00a0<strong>Garantia da seguran\u00e7a de dados:<\/strong>\u00a0ver garantia da seguran\u00e7a da informa\u00e7\u00e3o<\/td><\/tr><tr class=\"odd\"><td colspan=\"2\"><img loading=\"lazy\" decoding=\"async\" class=\"image-inline\" title=\"Check cor 2\" src=\"https:\/\/www.serpro.gov.br\/lgpd\/menu\/arquivos\/check-cor-2\" alt=\"Check cor 2\" width=\"17\" height=\"17\" \/>\u00a0<strong>Interoperabilidade:<\/strong>\u00a0capacidade de sistemas e organiza\u00e7\u00f5es operarem entre si. A autoridade nacional poder\u00e1 dispor sobre padr\u00f5es de interoperabilidade para fins de portabilidade, al\u00e9m dos padr\u00f5es de\u00a0<a class=\"external-link\" title=\"\" href=\"http:\/\/eping.governoeletronico.gov.br\/\" target=\"_blank\" rel=\"noopener\">interoperabilidade de governo eletr\u00f4nico (ePING)<\/a><\/td><\/tr><tr class=\"even\"><td colspan=\"2\"><img loading=\"lazy\" decoding=\"async\" class=\"image-inline\" title=\"Check1\" src=\"https:\/\/www.serpro.gov.br\/lgpd\/menu\/arquivos\/check1\" alt=\"Check1\" width=\"17\" height=\"17\" \/>\u00a0<strong>Operador:<\/strong>\u00a0pessoa natural ou jur\u00eddica, de direito p\u00fablico ou privado, que realiza o tratamento de dados pessoais em nome do controlador<\/td><\/tr><tr class=\"odd\"><td colspan=\"2\"><img loading=\"lazy\" decoding=\"async\" class=\"image-inline\" title=\"Check cor 3\" src=\"https:\/\/www.serpro.gov.br\/lgpd\/menu\/arquivos\/check-cor-3\" alt=\"Check cor 3\" width=\"17\" height=\"17\" \/>\u00a0<strong>\u00d3rg\u00e3o de pesquisa:\u00a0<\/strong>\u00f3rg\u00e3o ou entidade da administra\u00e7\u00e3o p\u00fablica direta ou indireta ou pessoa jur\u00eddica de direito privado sem fins lucrativos legalmente constitu\u00edda sob as leis brasileiras, com sede e foro no Pa\u00eds, que inclua em sua miss\u00e3o institucional ou em seu objetivo social ou estatut\u00e1rio a pesquisa b\u00e1sica ou aplicada de car\u00e1ter hist\u00f3rico, cient\u00edfico, tecnol\u00f3gico ou estat\u00edstico<strong><br \/><\/strong><\/td><\/tr><tr class=\"even\"><td colspan=\"2\"><img loading=\"lazy\" decoding=\"async\" class=\"image-inline\" title=\"Check cor 2\" src=\"https:\/\/www.serpro.gov.br\/lgpd\/menu\/arquivos\/check-cor-2\" alt=\"Check cor 2\" width=\"17\" height=\"17\" \/>\u00a0<strong>Relat\u00f3rio de impacto \u00e0 prote\u00e7\u00e3o de dados pessoais:<\/strong>\u00a0documenta\u00e7\u00e3o do controlador que cont\u00e9m a descri\u00e7\u00e3o dos processos de tratamento de dados pessoais que podem gerar riscos \u00e0s liberdades civis e aos direitos fundamentais, bem como medidas, salvaguardas e mecanismos de mitiga\u00e7\u00e3o de risco<\/td><\/tr><tr class=\"odd\"><td colspan=\"2\"><img loading=\"lazy\" decoding=\"async\" class=\"image-inline\" title=\"Check1\" src=\"https:\/\/www.serpro.gov.br\/lgpd\/menu\/arquivos\/check1\" alt=\"Check1\" width=\"17\" height=\"17\" \/><strong>\u00a0Titular:<\/strong>\u00a0pessoa natural a quem se referem os dados pessoais que s\u00e3o objeto de tratamento<\/td><\/tr><tr class=\"even\"><td colspan=\"2\"><img loading=\"lazy\" decoding=\"async\" class=\"image-inline\" title=\"Check cor 3\" src=\"https:\/\/www.serpro.gov.br\/lgpd\/menu\/arquivos\/check-cor-3\" alt=\"Check cor 3\" width=\"17\" height=\"17\" \/><strong>\u00a0Transfer\u00eancia internacional de dados:<\/strong>\u00a0transfer\u00eancia de dados pessoais para pa\u00eds estrangeiro ou organismo internacional do qual o pa\u00eds seja membro<\/td><\/tr><tr class=\"odd\"><td colspan=\"2\"><img loading=\"lazy\" decoding=\"async\" class=\"image-inline\" title=\"Check cor 2\" src=\"https:\/\/www.serpro.gov.br\/lgpd\/menu\/arquivos\/check-cor-2\" alt=\"Check cor 2\" width=\"17\" height=\"17\" \/>\u00a0<strong>Tratamento:<\/strong>\u00a0toda opera\u00e7\u00e3o realizada com dados pessoais; como as que se referem a:<br \/><ul><li><em>acesso &#8211; possibilidade de comunicar-se com um dispositivo, meio de armazenamento, unidade de rede, mem\u00f3ria, registro, arquivo etc., visando receber, fornecer, ou eliminar dados<\/em><\/li><li><em>armazenamento &#8211; a\u00e7\u00e3o ou resultado de manter ou conservar em reposit\u00f3rio um dado<\/em><\/li><li><em>arquivamento &#8211; ato ou efeito de manter registrado um dado embora j\u00e1 tenha perdido a validade ou esgotada a sua vig\u00eancia<\/em><\/li><li><em>avalia\u00e7\u00e3o &#8211; ato ou efeito de calcular valor sobre um ou mais dados<\/em><\/li><li><em>classifica\u00e7\u00e3o &#8211; maneira de ordenar os dados conforme algum crit\u00e9rio estabelecido<\/em><\/li><li><em>coleta &#8211; recolhimento de dados com finalidade espec\u00edfica<\/em><\/li><li><em>comunica\u00e7\u00e3o &#8211; transmitir informa\u00e7\u00f5es pertinentes a pol\u00edticas de a\u00e7\u00e3o sobre os dados<\/em><\/li><li><em>controle &#8211; a\u00e7\u00e3o ou poder de regular, determinar ou monitorar as a\u00e7\u00f5es sobre o dado<\/em><\/li><li><em>difus\u00e3o &#8211; ato ou efeito de divulga\u00e7\u00e3o, propaga\u00e7\u00e3o, multiplica\u00e7\u00e3o dos dados<\/em><\/li><li><em>distribui\u00e7\u00e3o &#8211; ato ou efeito de dispor de dados de acordo com algum crit\u00e9rio estabelecido<\/em><\/li><li><em>elimina\u00e7\u00e3o &#8211; ato ou efeito de excluir ou destruir dado do reposit\u00f3rio<\/em><\/li><li><em>extra\u00e7\u00e3o &#8211; ato de copiar ou retirar dados do reposit\u00f3rio em que se encontrava<\/em><\/li><li><em>modifica\u00e7\u00e3o &#8211; ato ou efeito de altera\u00e7\u00e3o do dado<\/em><\/li><li><em>processamento &#8211; ato ou efeito de processar dados<\/em><\/li><li><em>produ\u00e7\u00e3o &#8211; cria\u00e7\u00e3o de bens e de servi\u00e7os a partir do tratamento de dados<\/em><\/li><li><em>recep\u00e7\u00e3o &#8211; ato de receber os dados ao final da transmiss\u00e3o<\/em><\/li><li><em>reprodu\u00e7\u00e3o &#8211; c\u00f3pia de dado preexistente obtido por meio de qualquer processo<\/em><\/li><li><em>transfer\u00eancia &#8211; mudan\u00e7a de dados de uma \u00e1rea de armazenamento para outra, ou para terceiro<\/em><\/li><li><em>transmiss\u00e3o &#8211; movimenta\u00e7\u00e3o de dados entre dois pontos por meio de dispositivos el\u00e9tricos, eletr\u00f4nicos, telegr\u00e1ficos, telef\u00f4nicos, radioel\u00e9tricos, pneum\u00e1ticos etc.<\/em><\/li><li><em>utiliza\u00e7\u00e3o &#8211; ato ou efeito do aproveitamento dos dados<\/em><\/li><\/ul><\/td><\/tr><tr class=\"even\"><td colspan=\"2\"><img loading=\"lazy\" decoding=\"async\" class=\"image-inline\" title=\"Check1\" src=\"https:\/\/www.serpro.gov.br\/lgpd\/menu\/arquivos\/check1\" alt=\"Check1\" width=\"17\" height=\"17\" \/>\u00a0<strong>Uso compartilhado de dados:<\/strong>\u00a0comunica\u00e7\u00e3o, difus\u00e3o, transfer\u00eancia internacional, interconex\u00e3o de dados pessoais ou tratamento compartilhado de bancos de dados pessoais por \u00f3rg\u00e3os e entidades p\u00fablicas no cumprimento de suas compet\u00eancias legais, ou entre esses e entes privados, reciprocamente, com autoriza\u00e7\u00e3o espec\u00edfica, para uma ou mais modalidades de tratamento permitidas por esses entes p\u00fablicos, ou entre entes privados<\/td><\/tr><\/tbody><\/table><\/div>\n\t\t\t\t<\/div>\n\t\t\t\t<\/div>\n\t\t\t\t\t<\/div>\n\t\t<\/div>\n\t\t\t\t<div class=\"elementor-column elementor-col-33 elementor-top-column elementor-element elementor-element-848af07\" data-id=\"848af07\" data-element_type=\"column\" data-settings=\"{&quot;background_background&quot;:&quot;gradient&quot;}\">\n\t\t\t<div class=\"elementor-widget-wrap elementor-element-populated\">\n\t\t\t\t\t\t\t\t<div class=\"elementor-element elementor-element-6589aa42 elementor-widget elementor-widget-image\" data-id=\"6589aa42\" data-element_type=\"widget\" data-widget_type=\"image.default\">\n\t\t\t\t<div class=\"elementor-widget-container\">\n\t\t\t\t\t<div class=\"elementor-image\">\n\t\t\t\t\t\t\t\t\t\t<img loading=\"lazy\" decoding=\"async\" width=\"2\" height=\"138\" src=\"http:\/\/chosentecnologia.com.br\/chosen\/wp-content\/uploads\/2021\/05\/leadingBg.jpg\" class=\"attachment-large size-large\" alt=\"\" \/>\t\t\t\t\t\t\t\t\t\t\t<\/div>\n\t\t\t\t<\/div>\n\t\t\t\t<\/div>\n\t\t\t\t\t<\/div>\n\t\t<\/div>\n\t\t\t\t<div class=\"elementor-column elementor-col-33 elementor-top-column elementor-element elementor-element-77753b0b\" data-id=\"77753b0b\" data-element_type=\"column\">\n\t\t\t<div class=\"elementor-widget-wrap elementor-element-populated\">\n\t\t\t\t\t\t\t\t<div class=\"elementor-element elementor-element-2785afc5 elementor-widget elementor-widget-image\" data-id=\"2785afc5\" data-element_type=\"widget\" data-widget_type=\"image.default\">\n\t\t\t\t<div class=\"elementor-widget-container\">\n\t\t\t\t\t<div class=\"elementor-image\">\n\t\t\t\t\t\t\t\t\t\t<img loading=\"lazy\" decoding=\"async\" width=\"522\" height=\"107\" src=\"http:\/\/chosentecnologia.com.br\/chosen\/wp-content\/uploads\/2021\/04\/chosen-transparente.png\" class=\"attachment-large size-large\" alt=\"\" srcset=\"http:\/\/chosentecnologia.com.br\/chosen\/wp-content\/uploads\/2021\/04\/chosen-transparente.png 522w, http:\/\/chosentecnologia.com.br\/chosen\/wp-content\/uploads\/2021\/04\/chosen-transparente-300x61.png 300w\" sizes=\"(max-width: 522px) 100vw, 522px\" \/>\t\t\t\t\t\t\t\t\t\t\t<\/div>\n\t\t\t\t<\/div>\n\t\t\t\t<\/div>\n\t\t\t\t<div class=\"elementor-element elementor-element-2dab0806 elementor-grid-1 elementor-grid-tablet-2 elementor-grid-mobile-1 elementor-posts--thumbnail-top elementor-widget elementor-widget-posts\" data-id=\"2dab0806\" data-element_type=\"widget\" data-settings=\"{&quot;classic_columns&quot;:&quot;1&quot;,&quot;classic_columns_tablet&quot;:&quot;2&quot;,&quot;classic_columns_mobile&quot;:&quot;1&quot;,&quot;classic_row_gap&quot;:{&quot;unit&quot;:&quot;px&quot;,&quot;size&quot;:35,&quot;sizes&quot;:[]}}\" data-widget_type=\"posts.classic\">\n\t\t\t\t<div class=\"elementor-widget-container\">\n\t\t\t\t\t<div class=\"elementor-posts-container elementor-posts elementor-posts--skin-classic elementor-grid\">\n\t\t\t\t<article class=\"elementor-post elementor-grid-item post-1974 post type-post status-publish format-standard hentry category-sem-categoria\">\n\t\t\t\t<div class=\"elementor-post__text\">\n\t\t\t\t<h3 class=\"elementor-post__title\">\n\t\t\t<a href=\"http:\/\/chosentecnologia.com.br\/chosen\/index.php\/2021\/05\/13\/elementor-1974\/\" >\n\t\t\t\tAlgumas Vantagens da adequa\u00e7\u00e3o \u00e0 nova &#8211; LGPD\t\t\t<\/a>\n\t\t<\/h3>\n\t\t\t\t<div class=\"elementor-post__meta-data\">\n\t\t\t\t\t<span class=\"elementor-post-date\">\n\t\t\t13 de May de 2021\t\t<\/span>\n\t\t\t\t<span class=\"elementor-post-avatar\">\n\t\t\tNo Comments\t\t<\/span>\n\t\t\t\t<\/div>\n\t\t\t\t<div class=\"elementor-post__excerpt\">\n\t\t\t<p>De compras on-line a redes sociais, de hospitais a bancos, de escolas a teatros, de hot\u00e9is a \u00f3rg\u00e3os p\u00fablicos, da publicidade \u00e0 tecnologia: pode ter<\/p>\n\t\t<\/div>\n\t\t\t\t\t<a class=\"elementor-post__read-more\" href=\"http:\/\/chosentecnologia.com.br\/chosen\/index.php\/2021\/05\/13\/elementor-1974\/\" >\n\t\t\t\tSaiba mais \u00bb\t\t\t<\/a>\n\t\t\t\t<\/div>\n\t\t\t\t<\/article>\n\t\t\t\t<article class=\"elementor-post elementor-grid-item post-1968 post type-post status-publish format-standard hentry category-sem-categoria\">\n\t\t\t\t<div class=\"elementor-post__text\">\n\t\t\t\t<h3 class=\"elementor-post__title\">\n\t\t\t<a href=\"http:\/\/chosentecnologia.com.br\/chosen\/index.php\/2021\/05\/12\/gestao-de-senhas-seguranca\/\" >\n\t\t\t\tGest\u00e3o de Senhas &#8211; Seguran\u00e7a\t\t\t<\/a>\n\t\t<\/h3>\n\t\t\t\t<div class=\"elementor-post__meta-data\">\n\t\t\t\t\t<span class=\"elementor-post-date\">\n\t\t\t12 de May de 2021\t\t<\/span>\n\t\t\t\t<span class=\"elementor-post-avatar\">\n\t\t\tNo Comments\t\t<\/span>\n\t\t\t\t<\/div>\n\t\t\t\t<div class=\"elementor-post__excerpt\">\n\t\t\t<p>A gest\u00e3o de senhas \u00e9 um grande desafio. Afinal, h\u00e1 uma infinidade de logins e senhas necess\u00e1rias para acessar sites e servi\u00e7os e sites. Isso<\/p>\n\t\t<\/div>\n\t\t\t\t\t<a class=\"elementor-post__read-more\" href=\"http:\/\/chosentecnologia.com.br\/chosen\/index.php\/2021\/05\/12\/gestao-de-senhas-seguranca\/\" >\n\t\t\t\tSaiba mais \u00bb\t\t\t<\/a>\n\t\t\t\t<\/div>\n\t\t\t\t<\/article>\n\t\t\t\t<article class=\"elementor-post elementor-grid-item post-1959 post type-post status-publish format-standard hentry category-sem-categoria\">\n\t\t\t\t<div class=\"elementor-post__text\">\n\t\t\t\t<h3 class=\"elementor-post__title\">\n\t\t\t<a href=\"http:\/\/chosentecnologia.com.br\/chosen\/index.php\/2021\/05\/12\/lgpd-o-impacto-na-visa-das-pessoas\/\" >\n\t\t\t\tLGPD &#8211; O impacto na vida das pessoas\t\t\t<\/a>\n\t\t<\/h3>\n\t\t\t\t<div class=\"elementor-post__meta-data\">\n\t\t\t\t\t<span class=\"elementor-post-date\">\n\t\t\t12 de May de 2021\t\t<\/span>\n\t\t\t\t<span class=\"elementor-post-avatar\">\n\t\t\tNo Comments\t\t<\/span>\n\t\t\t\t<\/div>\n\t\t\t\t<div class=\"elementor-post__excerpt\">\n\t\t\t<p>A LGPD prev\u00ea a prote\u00e7\u00e3o integral de sua liberdade, privacidade, seguran\u00e7a, consentimento expresso, acesso as suas informa\u00e7\u00f5es para corre\u00e7\u00f5es e pronto atendimento caso voc\u00ea queira<\/p>\n\t\t<\/div>\n\t\t\t\t\t<a class=\"elementor-post__read-more\" href=\"http:\/\/chosentecnologia.com.br\/chosen\/index.php\/2021\/05\/12\/lgpd-o-impacto-na-visa-das-pessoas\/\" >\n\t\t\t\tSaiba mais \u00bb\t\t\t<\/a>\n\t\t\t\t<\/div>\n\t\t\t\t<\/article>\n\t\t\t\t<article class=\"elementor-post elementor-grid-item post-1844 post type-post status-publish format-standard hentry category-sem-categoria\">\n\t\t\t\t<div class=\"elementor-post__text\">\n\t\t\t\t<h3 class=\"elementor-post__title\">\n\t\t\t<a href=\"http:\/\/chosentecnologia.com.br\/chosen\/index.php\/2021\/05\/11\/elementor-1844\/\" >\n\t\t\t\tComo realizar uma avalia\u00e7\u00e3o de risco de frota\t\t\t<\/a>\n\t\t<\/h3>\n\t\t\t\t<div class=\"elementor-post__meta-data\">\n\t\t\t\t\t<span class=\"elementor-post-date\">\n\t\t\t11 de May de 2021\t\t<\/span>\n\t\t\t\t<span class=\"elementor-post-avatar\">\n\t\t\tNo Comments\t\t<\/span>\n\t\t\t\t<\/div>\n\t\t\t\t<div class=\"elementor-post__excerpt\">\n\t\t\t<p>As avalia\u00e7\u00f5es de risco das seguradoras s\u00e3o uma parte necess\u00e1ria do trabalho de qualquer gerente de frota. Eles ajudam as empresas a economizar dinheiro, tornando<\/p>\n\t\t<\/div>\n\t\t\t\t\t<a class=\"elementor-post__read-more\" href=\"http:\/\/chosentecnologia.com.br\/chosen\/index.php\/2021\/05\/11\/elementor-1844\/\" >\n\t\t\t\tSaiba mais \u00bb\t\t\t<\/a>\n\t\t\t\t<\/div>\n\t\t\t\t<\/article>\n\t\t\t\t<article class=\"elementor-post elementor-grid-item post-1829 post type-post status-publish format-standard hentry category-sem-categoria\">\n\t\t\t\t<div class=\"elementor-post__text\">\n\t\t\t\t<h3 class=\"elementor-post__title\">\n\t\t\t<a href=\"http:\/\/chosentecnologia.com.br\/chosen\/index.php\/2021\/05\/11\/elementor-1829\/\" >\n\t\t\t\tLGPD &#8211; 2021\t\t\t<\/a>\n\t\t<\/h3>\n\t\t\t\t<div class=\"elementor-post__meta-data\">\n\t\t\t\t\t<span class=\"elementor-post-date\">\n\t\t\t11 de May de 2021\t\t<\/span>\n\t\t\t\t<span class=\"elementor-post-avatar\">\n\t\t\tNo Comments\t\t<\/span>\n\t\t\t\t<\/div>\n\t\t\t\t<div class=\"elementor-post__excerpt\">\n\t\t\t<p>Publicada em agosto de 2018, a LGPD vem aprimorar a prote\u00e7\u00e3o de dados pessoais aos cidad\u00e3os do Brasil. Entender melhor, e desde j\u00e1, a nova<\/p>\n\t\t<\/div>\n\t\t\t\t\t<a class=\"elementor-post__read-more\" href=\"http:\/\/chosentecnologia.com.br\/chosen\/index.php\/2021\/05\/11\/elementor-1829\/\" >\n\t\t\t\tSaiba mais \u00bb\t\t\t<\/a>\n\t\t\t\t<\/div>\n\t\t\t\t<\/article>\n\t\t\t\t<article class=\"elementor-post elementor-grid-item post-1796 post type-post status-publish format-standard hentry category-sem-categoria\">\n\t\t\t\t<div class=\"elementor-post__text\">\n\t\t\t\t<h3 class=\"elementor-post__title\">\n\t\t\t<a href=\"http:\/\/chosentecnologia.com.br\/chosen\/index.php\/2021\/05\/11\/elementor-1796\/\" >\n\t\t\t\tMarketing Digital\t\t\t<\/a>\n\t\t<\/h3>\n\t\t\t\t<div class=\"elementor-post__meta-data\">\n\t\t\t\t\t<span class=\"elementor-post-date\">\n\t\t\t11 de May de 2021\t\t<\/span>\n\t\t\t\t<span class=\"elementor-post-avatar\">\n\t\t\tNo Comments\t\t<\/span>\n\t\t\t\t<\/div>\n\t\t\t\t<div class=\"elementor-post__excerpt\">\n\t\t\t<p>Nem todas as pessoas que j\u00e1 falaram que Marketing Digital \u00e9 a melhor coisa desde p\u00e3o fatiado est\u00e3o erradas. Um \u00fanico lugar onde voc\u00ea pode<\/p>\n\t\t<\/div>\n\t\t\t\t\t<a class=\"elementor-post__read-more\" href=\"http:\/\/chosentecnologia.com.br\/chosen\/index.php\/2021\/05\/11\/elementor-1796\/\" >\n\t\t\t\tSaiba mais \u00bb\t\t\t<\/a>\n\t\t\t\t<\/div>\n\t\t\t\t<\/article>\n\t\t\t\t<\/div>\n\t\t\t\t<\/div>\n\t\t\t\t<\/div>\n\t\t\t\t\t<\/div>\n\t\t<\/div>\n\t\t\t\t\t\t\t<\/div>\n\t\t<\/section>\n\t\t\t\t\t\t<\/div>\n\t\t\t\t\t<\/div>\n\t\t","protected":false},"excerpt":{"rendered":"<p>Publicada em agosto de 2018, a LGPD vem aprimorar a prote\u00e7\u00e3o de dados pessoais aos cidad\u00e3os do Brasil. Entender melhor, e desde j\u00e1, a nova legisla\u00e7\u00e3o, que entrou em vigor em setembro de 2020, \u00e9 importante para ajudar o pa\u00eds na miss\u00e3o coletiva de assegurar a privacidade: a qual \u00e9 um direito fundamental do indiv\u00edduo [&hellip;]<\/p>\n","protected":false},"author":1,"featured_media":0,"comment_status":"open","ping_status":"open","sticky":false,"template":"elementor_header_footer","format":"standard","meta":{"footnotes":""},"categories":[1],"tags":[],"_links":{"self":[{"href":"http:\/\/chosentecnologia.com.br\/chosen\/index.php\/wp-json\/wp\/v2\/posts\/1829"}],"collection":[{"href":"http:\/\/chosentecnologia.com.br\/chosen\/index.php\/wp-json\/wp\/v2\/posts"}],"about":[{"href":"http:\/\/chosentecnologia.com.br\/chosen\/index.php\/wp-json\/wp\/v2\/types\/post"}],"author":[{"embeddable":true,"href":"http:\/\/chosentecnologia.com.br\/chosen\/index.php\/wp-json\/wp\/v2\/users\/1"}],"replies":[{"embeddable":true,"href":"http:\/\/chosentecnologia.com.br\/chosen\/index.php\/wp-json\/wp\/v2\/comments?post=1829"}],"version-history":[{"count":16,"href":"http:\/\/chosentecnologia.com.br\/chosen\/index.php\/wp-json\/wp\/v2\/posts\/1829\/revisions"}],"predecessor-version":[{"id":1928,"href":"http:\/\/chosentecnologia.com.br\/chosen\/index.php\/wp-json\/wp\/v2\/posts\/1829\/revisions\/1928"}],"wp:attachment":[{"href":"http:\/\/chosentecnologia.com.br\/chosen\/index.php\/wp-json\/wp\/v2\/media?parent=1829"}],"wp:term":[{"taxonomy":"category","embeddable":true,"href":"http:\/\/chosentecnologia.com.br\/chosen\/index.php\/wp-json\/wp\/v2\/categories?post=1829"},{"taxonomy":"post_tag","embeddable":true,"href":"http:\/\/chosentecnologia.com.br\/chosen\/index.php\/wp-json\/wp\/v2\/tags?post=1829"}],"curies":[{"name":"wp","href":"https:\/\/api.w.org\/{rel}","templated":true}]}}